{"id":1,"date":"2024-09-15T07:10:48","date_gmt":"2024-09-15T07:10:48","guid":{"rendered":"https:\/\/intermedi.net.pe\/es\/?p=1"},"modified":"2024-09-18T02:34:50","modified_gmt":"2024-09-18T02:34:50","slug":"reflexion-sobre-el-legado-politico-de-fujimori","status":"publish","type":"post","link":"https:\/\/intermedi.net.pe\/es\/reflexion-sobre-el-legado-politico-de-fujimori\/","title":{"rendered":"Reflexi\u00f3n sobre el legado pol\u00edtico de Fujimori"},"content":{"rendered":"\r\n<p>Reflexi\u00f3n sobre el legado pol\u00edtico de Fujimori y la situaci\u00f3n actual de Per\u00fa<br \/><br \/>Desde que comenz\u00f3 la cr\u00edtica hacia el expresidente Alberto Fujimori, hemos visto c\u00f3mo una serie de gobiernos que se oponen a su legado han fracasado en traer estabilidad o desarrollo. Se ha establecido un discurso donde Fujimori es constantemente se\u00f1alado como el culpable de los problemas actuales, a pesar de que han pasado m\u00e1s de 20 a\u00f1os desde su gobierno. Sin embargo, los mismos cr\u00edticos parecen disfrutar del sistema que \u00e9l ayud\u00f3 a construir, guardando silencio cuando les conviene. \u00bfC\u00f3mo no darse cuenta de esta contradicci\u00f3n?<\/p>\r\n<p><!--more--><\/p>\r\n<p><br \/>A menudo, vemos a personas mayores haciendo preguntas simplistas sobre por qu\u00e9 las autoridades actuales no toman acciones decisivas. La respuesta es clara: se trata de una cuesti\u00f3n pol\u00edtico-ideol\u00f3gica. Hasta un ni\u00f1o puede distinguir entre una verdad y una mentira, pero algunos prefieren ignorar la realidad.<br \/><br \/>Un tema alarmante es la reciente proliferaci\u00f3n de &#8220;incendios forestales&#8221;, que, en muchos casos, podr\u00edan no ser m\u00e1s que atentados disfrazados, perpetrados por una minor\u00eda extremista que busca sembrar caos y venganza. Esta facci\u00f3n de izquierda radical, que no logr\u00f3 imponer su voluntad con protestas como las de Lima y Puno, ahora utiliza las quemas intencionadas para desacreditar al gobierno y desestabilizar a\u00fan m\u00e1s al pa\u00eds. De hecho, estas acciones coinciden sospechosamente con eventos importantes como la cumbre de APEC y la muerte de Alberto Fujimori.<br \/><br \/>Estos incidentes, que algunos intentan disfrazar como accidentes naturales, son parte de una estrategia para debilitar al actual gobierno, acus\u00e1ndolo de ineficiencia. El objetivo final es cobrar una &#8220;venganza simb\u00f3lica&#8221; contra el legado de Fujimori, un presidente que, a pesar de las controversias, fue quien reform\u00f3 profundamente el sistema peruano. Sus enemigos parecen incapaces de dejar atr\u00e1s ese rencor, y el pa\u00eds sufre por ello.<br \/><br \/>La pol\u00edtica no est\u00e1 llena de coincidencias. Todo est\u00e1 conectado. Mientras unos aprovechan cualquier oportunidad para generar caos, los peruanos de bien debemos recordar que el pa\u00eds ha superado adversidades mayores. La recuperaci\u00f3n vendr\u00e1, pero los que han trabajado en contra del progreso de Per\u00fa, esos que en su momento votaron por l\u00edderes como Toledo, Paniagua, Humala, Pedro Pablo Kuczynski, Vizcarra y Sagasti, luego lo peor que nos ha pasado a un don nadie como Pedro Castillo y ahora critican la gesti\u00f3n actual, est\u00e1n cayendo en su propia trampa.<br \/><br \/>Es lamentable que muchos no escucharan las advertencias en su momento, como cuando varios advertimos sobre irregularidades en el proceso electoral. Ahora, los mismos que guardaron silencio pretenden reclamar. Pero ya es tarde. A aquellos que han contribuido a la situaci\u00f3n actual les toca reflexionar sobre su responsabilidad. Y quiz\u00e1s sus l\u00e1grimas sean las que ayuden a apagar esos &#8220;incendios&#8221; que tanto da\u00f1o han hecho al pa\u00eds.<br \/><br \/>Conclusi\u00f3n:<br \/><br \/>En este contexto, es esencial preguntarnos: \u00bfEstamos siendo objetivos al analizar la historia y la situaci\u00f3n actual de Per\u00fa? \u00bfO nos estamos dejando llevar por ideolog\u00edas que nos impiden ver la realidad de manera clara? No se puede ignorar el legado de un l\u00edder como Fujimori sin antes comprender su impacto real, tanto positivo como negativo. Tampoco se puede negar la responsabilidad de aquellos que hoy buscan destruir lo que fue construido en lugar de trabajar hacia un futuro mejor.<br \/><br \/>Esta es mi opini\u00f3n Personal. Te guste o no.<br \/><br \/>Dem\u00f3stenes Valera<\/p>\r\n","protected":false},"excerpt":{"rendered":"<p>Reflexi\u00f3n sobre el legado pol\u00edtico de Fujimori y la situaci\u00f3n actual de Per\u00fa Desde que comenz\u00f3 la cr\u00edtica hacia el expresidente Alberto Fujimori, hemos visto c\u00f3mo una serie de gobiernos que se oponen a su legado han fracasado en traer estabilidad o desarrollo. Se ha establecido un discurso donde Fujimori es constantemente se\u00f1alado como el [&hellip;]<\/p>\n","protected":false},"author":2,"featured_media":0,"comment_status":"closed","ping_status":"closed","sticky":false,"template":"","format":"standard","meta":{"footnotes":""},"categories":[25],"tags":[],"class_list":["post-1","post","type-post","status-publish","format-standard","hentry","category-editorial"],"_links":{"self":[{"href":"https:\/\/intermedi.net.pe\/es\/wp-json\/wp\/v2\/posts\/1","targetHints":{"allow":["GET"]}}],"collection":[{"href":"https:\/\/intermedi.net.pe\/es\/wp-json\/wp\/v2\/posts"}],"about":[{"href":"https:\/\/intermedi.net.pe\/es\/wp-json\/wp\/v2\/types\/post"}],"author":[{"embeddable":true,"href":"https:\/\/intermedi.net.pe\/es\/wp-json\/wp\/v2\/users\/2"}],"replies":[{"embeddable":true,"href":"https:\/\/intermedi.net.pe\/es\/wp-json\/wp\/v2\/comments?post=1"}],"version-history":[{"count":3,"href":"https:\/\/intermedi.net.pe\/es\/wp-json\/wp\/v2\/posts\/1\/revisions"}],"predecessor-version":[{"id":138,"href":"https:\/\/intermedi.net.pe\/es\/wp-json\/wp\/v2\/posts\/1\/revisions\/138"}],"wp:attachment":[{"href":"https:\/\/intermedi.net.pe\/es\/wp-json\/wp\/v2\/media?parent=1"}],"wp:term":[{"taxonomy":"category","embeddable":true,"href":"https:\/\/intermedi.net.pe\/es\/wp-json\/wp\/v2\/categories?post=1"},{"taxonomy":"post_tag","embeddable":true,"href":"https:\/\/intermedi.net.pe\/es\/wp-json\/wp\/v2\/tags?post=1"}],"curies":[{"name":"wp","href":"https:\/\/api.w.org\/{rel}","templated":true}]}}