{"id":315,"date":"2024-11-03T18:41:45","date_gmt":"2024-11-03T18:41:45","guid":{"rendered":"https:\/\/intermedi.net.pe\/es\/?p=315"},"modified":"2024-11-03T18:41:45","modified_gmt":"2024-11-03T18:41:45","slug":"organizaciones-sociales-de-villa-el-salvador-comparten-experiencias-transformadorasen-el-marco-de-apec-ciudadano","status":"publish","type":"post","link":"https:\/\/intermedi.net.pe\/es\/organizaciones-sociales-de-villa-el-salvador-comparten-experiencias-transformadorasen-el-marco-de-apec-ciudadano\/","title":{"rendered":"Organizaciones sociales de Villa El Salvador comparten experiencias transformadorasen el marco de APEC Ciudadano"},"content":{"rendered":"<p>La Comunidad Autogestionaria de Villa El Salvador particip\u00f3 este 2 de noviembre en el foro APEC Ciudadano Per\u00fa 2024, que reuni\u00f3 a empresarios del Parque Industrial, asociaciones y organizaciones sociales, econ\u00f3micas y culturales del distrito, donde se compartieron experiencias y los trabajos de quienes contribuyeron al desarrollo de Villa el Salvador.<!--more--><\/p>\n<p>Este evento organizado por la Universidad Tecnol\u00f3gica (UNTELS) y la Escuela Mayor de Gesti\u00f3n Municipal en el marco de APEC Ciudadano, permitir\u00e1 elaborar un documento conjunto que vienen trabajando las distintas organizaciones convocadas en torno al modelo de econom\u00eda humana y desarrollo solidario a partir de las experiencias vividas a lo largo de 50 a\u00f1os, transformando el desierto en un lugar digno para vivir.<\/p>\n<p>En el foro como representante del ministerio de Relaciones Exteriores estuvo presente, el ministro Renato Reyes Tagle, alto funcionario del Per\u00fa ante APEC, quien destac\u00f3 a Villa El Salvador por ser un distrito de transformaci\u00f3n y resiliencia reflejada en su modelo econ\u00f3mico basado en la cooperaci\u00f3n, el mismo que se busca entre las 21 econom\u00edas APEC. \u201cHace cinco d\u00e9cadas, este espacio era un desierto; hoy es un centro vibrante de cultura y comunidad. Esta notable transformaci\u00f3n es el resultado del esfuerzo y compromiso de miles de ciudadanos que, con visi\u00f3n y trabajo, lograron construir una comunidad digna y pr\u00f3spera\u201d, remarc\u00f3.<\/p>\n<p>Asimismo, detall\u00f3 a los participantes acerca de los beneficios de APEC a la poblaci\u00f3n y a su vez recogi\u00f3 los aportes que permitir\u00e1n tener una visi\u00f3n compartida de crecimiento inclusivo, resiliente y solidario.<\/p>\n<p>Durante esta actividad tambi\u00e9n se cont\u00f3 con la presencia de la rectora de la Universidad Nacional Tecnol\u00f3gica de Lima Sur, Gladys Cruz y del ex alcalde de Villa El Salvador, Michel Azcueta, as\u00ed como invitados nacionales y extranjeros que dieron sus aportes al documento que ser\u00e1 entregado a APEC Per\u00fa como un aporte ciudadano de un distrito reconocido a nivel mundial por su gran capacidad de organizaci\u00f3n.<\/p>\n<p>&nbsp;<\/p>\n<p><a href=\"https:\/\/www.flickr.com\/photos\/apecperu\/54113141612\/in\/album-72177720321679907\"><img loading=\"lazy\" decoding=\"async\" src=\"https:\/\/live.staticflickr.com\/65535\/54113141612_3049875d6e_b.jpg\" alt=\"IMG_9970\" width=\"1024\" height=\"683\" \/><\/a><\/p>\n<p>[Fuente: Apecperu2024.pe]<\/p>\n","protected":false},"excerpt":{"rendered":"<p>La Comunidad Autogestionaria de Villa El Salvador particip\u00f3 este 2 de noviembre en el foro APEC Ciudadano Per\u00fa 2024, que reuni\u00f3 a empresarios del Parque Industrial, asociaciones y organizaciones sociales, econ\u00f3micas y culturales del distrito, donde se compartieron experiencias y los trabajos de quienes contribuyeron al desarrollo de Villa el Salvador.<\/p>\n","protected":false},"author":1,"featured_media":0,"comment_status":"open","ping_status":"open","sticky":false,"template":"","format":"standard","meta":{"footnotes":""},"categories":[5],"tags":[],"class_list":["post-315","post","type-post","status-publish","format-standard","hentry","category-noticias-de-la-alianza-del-pacifico-y-apec"],"_links":{"self":[{"href":"https:\/\/intermedi.net.pe\/es\/wp-json\/wp\/v2\/posts\/315","targetHints":{"allow":["GET"]}}],"collection":[{"href":"https:\/\/intermedi.net.pe\/es\/wp-json\/wp\/v2\/posts"}],"about":[{"href":"https:\/\/intermedi.net.pe\/es\/wp-json\/wp\/v2\/types\/post"}],"author":[{"embeddable":true,"href":"https:\/\/intermedi.net.pe\/es\/wp-json\/wp\/v2\/users\/1"}],"replies":[{"embeddable":true,"href":"https:\/\/intermedi.net.pe\/es\/wp-json\/wp\/v2\/comments?post=315"}],"version-history":[{"count":1,"href":"https:\/\/intermedi.net.pe\/es\/wp-json\/wp\/v2\/posts\/315\/revisions"}],"predecessor-version":[{"id":316,"href":"https:\/\/intermedi.net.pe\/es\/wp-json\/wp\/v2\/posts\/315\/revisions\/316"}],"wp:attachment":[{"href":"https:\/\/intermedi.net.pe\/es\/wp-json\/wp\/v2\/media?parent=315"}],"wp:term":[{"taxonomy":"category","embeddable":true,"href":"https:\/\/intermedi.net.pe\/es\/wp-json\/wp\/v2\/categories?post=315"},{"taxonomy":"post_tag","embeddable":true,"href":"https:\/\/intermedi.net.pe\/es\/wp-json\/wp\/v2\/tags?post=315"}],"curies":[{"name":"wp","href":"https:\/\/api.w.org\/{rel}","templated":true}]}}