{"id":350,"date":"2024-11-11T01:34:34","date_gmt":"2024-11-11T01:34:34","guid":{"rendered":"https:\/\/intermedi.net.pe\/es\/?p=350"},"modified":"2024-11-11T01:37:58","modified_gmt":"2024-11-11T01:37:58","slug":"lima-se-renueva-por-el-apec-peru-2024-todo-nuevo","status":"publish","type":"post","link":"https:\/\/intermedi.net.pe\/es\/lima-se-renueva-por-el-apec-peru-2024-todo-nuevo\/","title":{"rendered":"LIMA se RENUEVA por el APEC Per\u00fa 2024 Todo NUEVO"},"content":{"rendered":"<p>Anotaci\u00f3n sobre el origen de las Tapadas Lime\u00f1a:<\/p>\n<p>Tapada lime\u00f1a era la denominaci\u00f3n que se usaba en la \u00e9poca del virreinato del Per\u00fa y de los primeros a\u00f1os de la Rep\u00fablica para designar a las mujeres lime\u00f1as que tapaban sus cabezas y caras, dejando al descubierto tan s\u00f3lo uno de sus ojos. <!--more-->Su uso comenz\u00f3 a partir del siglo XVI y se extendi\u00f3 hasta bien entrado el siglo XIX, es decir, su uso se extendi\u00f3 durante tres siglos y no s\u00f3lo se circunscribi\u00f3 a la Ciudad de los Reyes, sino tambi\u00e9n a otras ciudades importantes de la regi\u00f3n. En Lima, la costumbre permaneci\u00f3 hasta bien entrada la Rep\u00fablica, cuando fue relegada por las modas francesas.<\/p>\n<p><iframe loading=\"lazy\" title=\"YouTube video player\" src=\"https:\/\/www.youtube.com\/embed\/1q_P9f9AezE?si=wODiW7mYtZYYTbWT\" width=\"560\" height=\"315\" frameborder=\"0\" allowfullscreen=\"allowfullscreen\"><\/iframe><\/p>\n<p>Fuente: Turista Tu Vista<\/p>\n","protected":false},"excerpt":{"rendered":"<p>Anotaci\u00f3n sobre el origen de las Tapadas Lime\u00f1a: Tapada lime\u00f1a era la denominaci\u00f3n que se usaba en la \u00e9poca del virreinato del Per\u00fa y de los primeros a\u00f1os de la Rep\u00fablica para designar a las mujeres lime\u00f1as que tapaban sus cabezas y caras, dejando al descubierto tan s\u00f3lo uno de sus ojos.<\/p>\n","protected":false},"author":1,"featured_media":352,"comment_status":"open","ping_status":"open","sticky":false,"template":"","format":"standard","meta":{"footnotes":""},"categories":[5,13],"tags":[],"class_list":["post-350","post","type-post","status-publish","format-standard","has-post-thumbnail","hentry","category-noticias-de-la-alianza-del-pacifico-y-apec","category-turismo"],"_links":{"self":[{"href":"https:\/\/intermedi.net.pe\/es\/wp-json\/wp\/v2\/posts\/350","targetHints":{"allow":["GET"]}}],"collection":[{"href":"https:\/\/intermedi.net.pe\/es\/wp-json\/wp\/v2\/posts"}],"about":[{"href":"https:\/\/intermedi.net.pe\/es\/wp-json\/wp\/v2\/types\/post"}],"author":[{"embeddable":true,"href":"https:\/\/intermedi.net.pe\/es\/wp-json\/wp\/v2\/users\/1"}],"replies":[{"embeddable":true,"href":"https:\/\/intermedi.net.pe\/es\/wp-json\/wp\/v2\/comments?post=350"}],"version-history":[{"count":2,"href":"https:\/\/intermedi.net.pe\/es\/wp-json\/wp\/v2\/posts\/350\/revisions"}],"predecessor-version":[{"id":353,"href":"https:\/\/intermedi.net.pe\/es\/wp-json\/wp\/v2\/posts\/350\/revisions\/353"}],"wp:featuredmedia":[{"embeddable":true,"href":"https:\/\/intermedi.net.pe\/es\/wp-json\/wp\/v2\/media\/352"}],"wp:attachment":[{"href":"https:\/\/intermedi.net.pe\/es\/wp-json\/wp\/v2\/media?parent=350"}],"wp:term":[{"taxonomy":"category","embeddable":true,"href":"https:\/\/intermedi.net.pe\/es\/wp-json\/wp\/v2\/categories?post=350"},{"taxonomy":"post_tag","embeddable":true,"href":"https:\/\/intermedi.net.pe\/es\/wp-json\/wp\/v2\/tags?post=350"}],"curies":[{"name":"wp","href":"https:\/\/api.w.org\/{rel}","templated":true}]}}